{"id":128,"date":"2024-05-23T02:43:25","date_gmt":"2024-05-23T02:43:25","guid":{"rendered":"https:\/\/amigosdelcerro.org\/?p=128"},"modified":"2024-05-23T07:06:02","modified_gmt":"2024-05-23T12:06:02","slug":"el-renacer-del-cerro-la-epopeya-del-parque-natural-el-cerro-de-las-tres-cruces","status":"publish","type":"post","link":"https:\/\/amigosdelcerro.org\/index.php\/2024\/05\/23\/el-renacer-del-cerro-la-epopeya-del-parque-natural-el-cerro-de-las-tres-cruces\/","title":{"rendered":"El Renacer del Cerro"},"content":{"rendered":"\n<figure class=\"wp-block-image\"><img decoding=\"async\" src=\"https:\/\/amigosdelcerro.org\/wp-content\/uploads\/2024\/03\/cropped-cropped-logo.png\" alt=\"Icono del sitio\"\/><\/figure>\n\n\n<p>\n\n\n<\/p>\n<p>En el coraz\u00f3n de la ciudad de Cali se alza majestuoso el Cerro de las Tres Cruces, testigo mudo de la historia que ha marcado el devenir de esta urbe colombiana. Sus laderas, una vez desoladas y \u00e1ridas, guardan el eco de una \u00e9poca en la que la miner\u00eda desvast\u00f3 sus tierras, dej\u00e1ndolas desnudas y est\u00e9riles, como cicatrices en la piel de la tierra.<\/p>\n<p>\n\n\n<\/p>\n<p>\n\n\n<\/p>\n<p>Sin embargo, en 1937, un cambio notable se vislumbr\u00f3 en este paisaje desolador. Fue entonces cuando las tres cruces se erigieron en la cima del cerro, como s\u00edmbolos de fe y redenci\u00f3n en medio de la desolaci\u00f3n. Este acto de construcci\u00f3n no solo se dio inicio a una tradici\u00f3n religiosa arraigada en la ciudad, sino que tambi\u00e9n despert\u00f3 una chispa de esperanza en los corazones de aquellos que anhelaban ver la tierra renacer.<\/p>\n<p>\n\n\n<\/p>\n<style>\/*! elementor - v3.21.0 - 22-05-2024 *\/<br \/>\n.elementor-widget-image{text-align:center}.elementor-widget-image a{display:inline-block}.elementor-widget-image a img[src$=\".svg\"]{width:48px}.elementor-widget-image img{vertical-align:middle;display:inline-block}<\/style>\n<p>\t\t\t\t\t\t\t\t\t\t<img fetchpriority=\"high\" decoding=\"async\" width=\"480\" height=\"375\" src=\"http:\/\/amigosdelcerro.org\/wp-content\/uploads\/2024\/05\/la-epopeya-del-parque-natural-el-cerro-de-las-tres-cruces-01.jpg\" alt=\"\" srcset=\"https:\/\/amigosdelcerro.org\/wp-content\/uploads\/2024\/05\/la-epopeya-del-parque-natural-el-cerro-de-las-tres-cruces-01.jpg 480w, https:\/\/amigosdelcerro.org\/wp-content\/uploads\/2024\/05\/la-epopeya-del-parque-natural-el-cerro-de-las-tres-cruces-01-300x234.jpg 300w\" sizes=\"(max-width: 480px) 100vw, 480px\" \/><br \/>\n\t\t\t\t\t\t\t\t\t\t\t\t\t<img decoding=\"async\" width=\"813\" height=\"671\" src=\"http:\/\/amigosdelcerro.org\/wp-content\/uploads\/2024\/05\/la-epopeya-del-parque-natural-el-cerro-de-las-tres-cruces-02.png\" alt=\"\" srcset=\"https:\/\/amigosdelcerro.org\/wp-content\/uploads\/2024\/05\/la-epopeya-del-parque-natural-el-cerro-de-las-tres-cruces-02.png 813w, https:\/\/amigosdelcerro.org\/wp-content\/uploads\/2024\/05\/la-epopeya-del-parque-natural-el-cerro-de-las-tres-cruces-02-300x248.png 300w, https:\/\/amigosdelcerro.org\/wp-content\/uploads\/2024\/05\/la-epopeya-del-parque-natural-el-cerro-de-las-tres-cruces-02-768x634.png 768w\" sizes=\"(max-width: 813px) 100vw, 813px\" \/>\t\t\t\t\t\t\t\t\t\t\t\t\t<\/p>\n<p>A lo largo de los a\u00f1os, el Cerro de las Tres Cruces se convirti\u00f3 en un lugar de peregrinaci\u00f3n durante la Semana Santa. Las antiguas fotograf\u00edas atestiguan la aspereza del terreno, donde la roca y la tierra \u00e1rida dominaban el paisaje. A pesar de ello, los fieles ascend\u00edan a la cima, buscando consuelo y redenci\u00f3n en medio de la adversidad.<\/p>\n<p>\t\t\t\t\t\t\t\t\t\t\t\t\t<img decoding=\"async\" width=\"821\" height=\"526\" src=\"http:\/\/amigosdelcerro.org\/wp-content\/uploads\/2024\/05\/la-epopeya-del-parque-natural-el-cerro-de-las-tres-cruces-03.png\" alt=\"\" srcset=\"https:\/\/amigosdelcerro.org\/wp-content\/uploads\/2024\/05\/la-epopeya-del-parque-natural-el-cerro-de-las-tres-cruces-03.png 821w, https:\/\/amigosdelcerro.org\/wp-content\/uploads\/2024\/05\/la-epopeya-del-parque-natural-el-cerro-de-las-tres-cruces-03-300x192.png 300w, https:\/\/amigosdelcerro.org\/wp-content\/uploads\/2024\/05\/la-epopeya-del-parque-natural-el-cerro-de-las-tres-cruces-03-768x492.png 768w\" sizes=\"(max-width: 821px) 100vw, 821px\" \/><br \/>\n\t\t\t\t\t\t\t\t\t\t\t\t\t<img loading=\"lazy\" decoding=\"async\" width=\"814\" height=\"539\" src=\"http:\/\/amigosdelcerro.org\/wp-content\/uploads\/2024\/05\/la-epopeya-del-parque-natural-el-cerro-de-las-tres-cruces-04.png\" alt=\"\" srcset=\"https:\/\/amigosdelcerro.org\/wp-content\/uploads\/2024\/05\/la-epopeya-del-parque-natural-el-cerro-de-las-tres-cruces-04.png 814w, https:\/\/amigosdelcerro.org\/wp-content\/uploads\/2024\/05\/la-epopeya-del-parque-natural-el-cerro-de-las-tres-cruces-04-300x199.png 300w, https:\/\/amigosdelcerro.org\/wp-content\/uploads\/2024\/05\/la-epopeya-del-parque-natural-el-cerro-de-las-tres-cruces-04-768x509.png 768w\" sizes=\"(max-width: 814px) 100vw, 814px\" \/>\t\t\t\t\t\t\t\t\t\t\t\t\t<\/p>\n<p>Pero fue a partir de la d\u00e9cada de 1980 cuando una luz de esperanza comenz\u00f3 a brillar en el oscuro horizonte del cerro. Individuos como don Edgar y Arbey, junto con otros visionarios, se propusieron desafiar la aridez y devolver la vida a la tierra desolada. Con determinaci\u00f3n y perseverancia, iniciaron proyectos de siembra en el cerro, enfrent\u00e1ndose a la incredulidad y el escepticismo de muchos.<\/p>\n<p>Los desaf\u00edos eran numerosos. La falta de agua, el suelo est\u00e9ril y las condiciones adversas parec\u00edan insuperables. Incluso las autoridades ambientales dudaban de la viabilidad de sus esfuerzos. Sin embargo, don Edgar y sus compa\u00f1eros no se amilanaron ante la adversidad. Con cada semilla plantada, renovaban su compromiso con la tierra y con la comunidad que los rodeaba.<\/p>\n<style>\/*! elementor - v3.21.0 - 22-05-2024 *\/<br \/>\n.elementor-heading-title{padding:0;margin:0;line-height:1}.elementor-widget-heading .elementor-heading-title[class*=elementor-size-]>a{color:inherit;font-size:inherit;line-height:inherit}.elementor-widget-heading .elementor-heading-title.elementor-size-small{font-size:15px}.elementor-widget-heading .elementor-heading-title.elementor-size-medium{font-size:19px}.elementor-widget-heading .elementor-heading-title.elementor-size-large{font-size:29px}.elementor-widget-heading .elementor-heading-title.elementor-size-xl{font-size:39px}.elementor-widget-heading .elementor-heading-title.elementor-size-xxl{font-size:59px}<\/style>\n<h2>El cerro hace m\u00e1s de 20 a\u00f1os<\/h2>\n<p>\t\t\t\t\t\t\t\t\t\t\t\t\t<img loading=\"lazy\" decoding=\"async\" width=\"1024\" height=\"477\" src=\"http:\/\/amigosdelcerro.org\/wp-content\/uploads\/2024\/05\/la-epopeya-del-parque-natural-el-cerro-de-las-tres-cruces-05-1024x477.png\" alt=\"\" srcset=\"https:\/\/amigosdelcerro.org\/wp-content\/uploads\/2024\/05\/la-epopeya-del-parque-natural-el-cerro-de-las-tres-cruces-05-1024x477.png 1024w, https:\/\/amigosdelcerro.org\/wp-content\/uploads\/2024\/05\/la-epopeya-del-parque-natural-el-cerro-de-las-tres-cruces-05-300x140.png 300w, https:\/\/amigosdelcerro.org\/wp-content\/uploads\/2024\/05\/la-epopeya-del-parque-natural-el-cerro-de-las-tres-cruces-05-768x358.png 768w, https:\/\/amigosdelcerro.org\/wp-content\/uploads\/2024\/05\/la-epopeya-del-parque-natural-el-cerro-de-las-tres-cruces-05.png 1099w\" sizes=\"(max-width: 1024px) 100vw, 1024px\" \/>\t\t\t\t\t\t\t\t\t\t\t\t\t<\/p>\n<p>A lo largo de m\u00e1s de tres d\u00e9cadas, don Edgar se mantuvo firme en su labor, convirti\u00e9ndose en un verdadero h\u00e9roe en el silencio. Aunque muchos comenzaron con \u00e9l, \u00e9l fue el \u00fanico que permaneci\u00f3 constante en su misi\u00f3n. Su dedicaci\u00f3n y sacrificio dieron frutos, y hoy, en la parte alta del cerro, se puede apreciar una reserva natural floreciente, fruto del trabajo incansable de don Edgar y sus compa\u00f1eros.<\/p>\n<p>\t\t\t\t\t\t\t\t\t\t\t\t\t<img loading=\"lazy\" decoding=\"async\" width=\"481\" height=\"462\" src=\"http:\/\/amigosdelcerro.org\/wp-content\/uploads\/2024\/05\/la-epopeya-del-parque-natural-el-cerro-de-las-tres-cruces-06.jpg\" alt=\"\" srcset=\"https:\/\/amigosdelcerro.org\/wp-content\/uploads\/2024\/05\/la-epopeya-del-parque-natural-el-cerro-de-las-tres-cruces-06.jpg 481w, https:\/\/amigosdelcerro.org\/wp-content\/uploads\/2024\/05\/la-epopeya-del-parque-natural-el-cerro-de-las-tres-cruces-06-300x288.jpg 300w\" sizes=\"(max-width: 481px) 100vw, 481px\" \/><br \/>\n\t\t\t\t\t\t\t\t\t\t\t\t\t<img loading=\"lazy\" decoding=\"async\" width=\"393\" height=\"441\" src=\"http:\/\/amigosdelcerro.org\/wp-content\/uploads\/2024\/05\/la-epopeya-del-parque-natural-el-cerro-de-las-tres-cruces-07.jpg\" alt=\"\" srcset=\"https:\/\/amigosdelcerro.org\/wp-content\/uploads\/2024\/05\/la-epopeya-del-parque-natural-el-cerro-de-las-tres-cruces-07.jpg 393w, https:\/\/amigosdelcerro.org\/wp-content\/uploads\/2024\/05\/la-epopeya-del-parque-natural-el-cerro-de-las-tres-cruces-07-267x300.jpg 267w\" sizes=\"(max-width: 393px) 100vw, 393px\" \/><br \/>\n\t\t\t\t\t\t\t\t\t\t\t\t\t<img loading=\"lazy\" decoding=\"async\" width=\"523\" height=\"702\" src=\"http:\/\/amigosdelcerro.org\/wp-content\/uploads\/2024\/05\/la-epopeya-del-parque-natural-el-cerro-de-las-tres-cruces-08.png\" alt=\"\" srcset=\"https:\/\/amigosdelcerro.org\/wp-content\/uploads\/2024\/05\/la-epopeya-del-parque-natural-el-cerro-de-las-tres-cruces-08.png 523w, https:\/\/amigosdelcerro.org\/wp-content\/uploads\/2024\/05\/la-epopeya-del-parque-natural-el-cerro-de-las-tres-cruces-08-224x300.png 224w\" sizes=\"(max-width: 523px) 100vw, 523px\" \/>\t\t\t\t\t\t\t\t\t\t\t\t\t<\/p>\n<p>Su historia es un recordatorio de la fuerza del esp\u00edritu humano y la capacidad de transformaci\u00f3n que yace en cada uno de nosotros. Don Edgar, con su labor callada y persistente, ha demostrado que, incluso en los lugares m\u00e1s \u00e1ridos y desolados, la esperanza puede florecer y la vida puede abrirse paso una vez m\u00e1s. Su legado perdurar\u00e1 en las generaciones venideras, como un testimonio del poder de la fe y la voluntad humana para cambiar el mundo a su alrededor.<\/p>\n<p>Impulsado por su visi\u00f3n y su deseo de asegurar que su legado perdure m\u00e1s all\u00e1 de su propia vida, don Edgar decide dar un paso m\u00e1s all\u00e1. Con el firme prop\u00f3sito de asegurar la continuidad y el crecimiento de su obra, funda la &#8220;<strong>Fundaci\u00f3n Eco-Proyectos Amigos del Cerro<\/strong>&#8220;. Esta organizaci\u00f3n tiene como objetivo unir a j\u00f3venes, instituciones y organismos interesados en la preservaci\u00f3n y expansi\u00f3n de la reserva natural en el Cerro de las Tres Cruces. Con su lema &#8220;<strong>Sembrando vida, cultivando esperanza<\/strong>&#8220;, la fundaci\u00f3n invita a todos aquellos que compartan su pasi\u00f3n por la naturaleza y su compromiso con el medio ambiente a unirse a este noble proyecto. As\u00ed, don Edgar y todos aquellos que han participado en esto proceso, aseguran que su sue\u00f1o de ver el cerro transformado en un oasis de vida perdure para las generaciones venideras, demostrando que juntos, podemos lograr grandes cosas cuando trabajamos en armon\u00eda con la naturaleza.<\/p>","protected":false},"excerpt":{"rendered":"<p>En el coraz\u00f3n de la ciudad de Cali se alza majestuoso el Cerro de las Tres Cruces, testigo mudo de la historia que ha marcado el devenir de esta urbe colombiana. Sus laderas, una vez desoladas y \u00e1ridas, guardan el eco de una \u00e9poca en la que la miner\u00eda desvast\u00f3 sus tierras, dej\u00e1ndolas desnudas y [&hellip;]<\/p>\n","protected":false},"author":1,"featured_media":0,"comment_status":"open","ping_status":"open","sticky":false,"template":"","format":"standard","meta":{"footnotes":""},"categories":[1],"tags":[25,24,33,32,27,26,28,29,30,31],"aioseo_notices":[],"_links":{"self":[{"href":"https:\/\/amigosdelcerro.org\/index.php\/wp-json\/wp\/v2\/posts\/128"}],"collection":[{"href":"https:\/\/amigosdelcerro.org\/index.php\/wp-json\/wp\/v2\/posts"}],"about":[{"href":"https:\/\/amigosdelcerro.org\/index.php\/wp-json\/wp\/v2\/types\/post"}],"author":[{"embeddable":true,"href":"https:\/\/amigosdelcerro.org\/index.php\/wp-json\/wp\/v2\/users\/1"}],"replies":[{"embeddable":true,"href":"https:\/\/amigosdelcerro.org\/index.php\/wp-json\/wp\/v2\/comments?post=128"}],"version-history":[{"count":10,"href":"https:\/\/amigosdelcerro.org\/index.php\/wp-json\/wp\/v2\/posts\/128\/revisions"}],"predecessor-version":[{"id":160,"href":"https:\/\/amigosdelcerro.org\/index.php\/wp-json\/wp\/v2\/posts\/128\/revisions\/160"}],"wp:attachment":[{"href":"https:\/\/amigosdelcerro.org\/index.php\/wp-json\/wp\/v2\/media?parent=128"}],"wp:term":[{"taxonomy":"category","embeddable":true,"href":"https:\/\/amigosdelcerro.org\/index.php\/wp-json\/wp\/v2\/categories?post=128"},{"taxonomy":"post_tag","embeddable":true,"href":"https:\/\/amigosdelcerro.org\/index.php\/wp-json\/wp\/v2\/tags?post=128"}],"curies":[{"name":"wp","href":"https:\/\/api.w.org\/{rel}","templated":true}]}}