{"id":14,"date":"2023-08-26T14:42:21","date_gmt":"2023-08-26T14:42:21","guid":{"rendered":"http:\/\/amigosdelcerro.org\/index.php\/2023\/08\/26\/los-cerros-de-cali-florecen-un-sueno-hecho-realidad\/"},"modified":"2024-05-23T02:23:26","modified_gmt":"2024-05-23T02:23:26","slug":"los-cerros-de-cali-florecen-un-sueno-hecho-realidad","status":"publish","type":"post","link":"https:\/\/amigosdelcerro.org\/index.php\/2023\/08\/26\/los-cerros-de-cali-florecen-un-sueno-hecho-realidad\/","title":{"rendered":"\u00a1Los cerros de Cali florecen: un sue\u00f1o hecho realidad!"},"content":{"rendered":"<h2>La floraci\u00f3n de la esperanza<\/h2>\n<p>En la Fundaci\u00f3n para la Conservaci\u00f3n de la Flora y Fauna de los Cerros de Cali, creemos firmemente en el poder de transformar nuestra realidad para alcanzar los mundos so\u00f1ados. Nuestro anhelo es que los cerros se llenen de vida y que la armon\u00eda entre los seres humanos y la naturaleza florezca, como una hermosa flor en medio del paisaje.<\/p>\n<p>Desde hace 35 a\u00f1os, hemos trabajado incansablemente para proteger y preservar la biodiversidad de los cerros de Cali. Nuestro compromiso con el medio ambiente nos impulsa a seguir adelante, a pesar de los desaf\u00edos que puedan surgir en el camino. Nos enorgullece decir que hemos logrado avances significativos en nuestra labor, gracias al apoyo incondicional de nuestros colaboradores y seguidores.<\/p>\n<h2>Un legado de amor por la naturaleza<\/h2>\n<p>La conservaci\u00f3n de la flora y fauna de los cerros de Cali es un legado que queremos dejar a las futuras generaciones. Queremos que puedan disfrutar de la belleza y la riqueza natural de este lugar, como nosotros lo hemos hecho durante tantos a\u00f1os. Nuestro trabajo se enfoca en educar y concientizar a la comunidad sobre la importancia de proteger y preservar el medio ambiente.<\/p>\n<p>Adem\u00e1s, llevamos a cabo proyectos de restauraci\u00f3n ecol\u00f3gica, reforestaci\u00f3n y gesti\u00f3n sostenible de los recursos naturales. Trabajamos de la mano con las autoridades locales y otras organizaciones para desarrollar estrategias efectivas de conservaci\u00f3n.<\/p>\n<h2>Hacia un futuro brillante<\/h2>\n<p>A pesar de los desaf\u00edos que enfrentamos, estamos m\u00e1s optimistas que nunca. Vemos un futuro en el que los cerros de Cali sean un ejemplo de \u00e9xito en la conservaci\u00f3n y preservaci\u00f3n del medio ambiente. Un futuro en el que la flora y fauna puedan prosperar, y en el que las generaciones venideras puedan vivir en armon\u00eda con la naturaleza.<\/p>\n<p>Queremos invitarlos a ser parte de este sue\u00f1o hecho realidad. \u00dananse a nosotros en nuestra misi\u00f3n de preservar y proteger los cerros de Cali, para que podamos juntos construir un mundo mejor. Cada peque\u00f1o paso que damos, cada acci\u00f3n que realizamos, nos acerca m\u00e1s a ese futuro brillante que tanto anhelamos. \u00a1Juntos, hagamos florecer la esperanza en los cerros de Cali!<\/p>\n","protected":false},"excerpt":{"rendered":"<p>La floraci\u00f3n de la esperanza En la Fundaci\u00f3n para la Conservaci\u00f3n de la Flora y Fauna de los Cerros de Cali, creemos firmemente en el poder de transformar nuestra realidad para alcanzar los mundos so\u00f1ados. Nuestro anhelo es que los cerros se llenen de vida y que la armon\u00eda entre los seres humanos y la [&hellip;]<\/p>\n","protected":false},"author":1,"featured_media":0,"comment_status":"open","ping_status":"open","sticky":false,"template":"","format":"standard","meta":{"footnotes":""},"categories":[1],"tags":[],"aioseo_notices":[],"_links":{"self":[{"href":"https:\/\/amigosdelcerro.org\/index.php\/wp-json\/wp\/v2\/posts\/14"}],"collection":[{"href":"https:\/\/amigosdelcerro.org\/index.php\/wp-json\/wp\/v2\/posts"}],"about":[{"href":"https:\/\/amigosdelcerro.org\/index.php\/wp-json\/wp\/v2\/types\/post"}],"author":[{"embeddable":true,"href":"https:\/\/amigosdelcerro.org\/index.php\/wp-json\/wp\/v2\/users\/1"}],"replies":[{"embeddable":true,"href":"https:\/\/amigosdelcerro.org\/index.php\/wp-json\/wp\/v2\/comments?post=14"}],"version-history":[{"count":1,"href":"https:\/\/amigosdelcerro.org\/index.php\/wp-json\/wp\/v2\/posts\/14\/revisions"}],"predecessor-version":[{"id":43,"href":"https:\/\/amigosdelcerro.org\/index.php\/wp-json\/wp\/v2\/posts\/14\/revisions\/43"}],"wp:attachment":[{"href":"https:\/\/amigosdelcerro.org\/index.php\/wp-json\/wp\/v2\/media?parent=14"}],"wp:term":[{"taxonomy":"category","embeddable":true,"href":"https:\/\/amigosdelcerro.org\/index.php\/wp-json\/wp\/v2\/categories?post=14"},{"taxonomy":"post_tag","embeddable":true,"href":"https:\/\/amigosdelcerro.org\/index.php\/wp-json\/wp\/v2\/tags?post=14"}],"curies":[{"name":"wp","href":"https:\/\/api.w.org\/{rel}","templated":true}]}}