{"id":15,"date":"2023-08-26T14:45:08","date_gmt":"2023-08-26T14:45:08","guid":{"rendered":"http:\/\/amigosdelcerro.org\/index.php\/2023\/08\/26\/transformando-los-cerros-de-cali-un-mundo-de-flora-y-fauna-en-armonia\/"},"modified":"2024-05-23T02:23:07","modified_gmt":"2024-05-23T02:23:07","slug":"transformando-los-cerros-de-cali-un-mundo-de-flora-y-fauna-en-armonia","status":"publish","type":"post","link":"https:\/\/amigosdelcerro.org\/index.php\/2023\/08\/26\/transformando-los-cerros-de-cali-un-mundo-de-flora-y-fauna-en-armonia\/","title":{"rendered":"Transformando los cerros de Cali: Un mundo de flora y fauna en armon\u00eda"},"content":{"rendered":"<h2>El poder de la conservaci\u00f3n<\/h2>\n<p>En la Fundaci\u00f3n para la Conservaci\u00f3n de la Flora, Fauna y el Medio Ambiente, creemos firmemente en el poder de la conservaci\u00f3n para transformar nuestro entorno. Durante los \u00faltimos 35 a\u00f1os, hemos trabajado incansablemente en los cerros de Cali, Colombia, para proteger y preservar la vida silvestre y los ecosistemas naturales.<\/p>\n<p>Creemos en la capacidad que tenemos de crear un mundo mejor, un mundo donde la vida abunde y la esperanza florezca. Nuestro sue\u00f1o es lograr la armon\u00eda entre los seres humanos y la naturaleza, y es por eso que invertimos todos nuestros esfuerzos en conservar los cerros de Cali.<\/p>\n<h2>El hogar de la biodiversidad<\/h2>\n<p>Los cerros de Cali son un verdadero tesoro de biodiversidad. Aqu\u00ed, se encuentran especies de flora y fauna \u00fanicas que no se encuentran en ning\u00fan otro lugar del mundo. Desde majestuosas orqu\u00eddeas hasta coloridos colibr\u00edes, cada rinc\u00f3n de los cerros alberga una sorpresa natural.<\/p>\n<p>Es nuestro deber proteger este patrimonio natural para las generaciones futuras. A trav\u00e9s de programas de educaci\u00f3n ambiental, restauraci\u00f3n de ecosistemas y monitoreo de especies en peligro de extinci\u00f3n, estamos trabajando para garantizar que la diversidad biol\u00f3gica de los cerros de Cali se mantenga intacta.<\/p>\n<h2>Trabajando juntos por un futuro sostenible<\/h2>\n<p>La conservaci\u00f3n no puede hacerse sola. Es un esfuerzo colectivo que requiere la participaci\u00f3n de todos. Nos enorgullece contar con el apoyo de una comunidad comprometida de voluntarios, donantes y socios que comparten nuestra visi\u00f3n de un mundo en armon\u00eda con la naturaleza.<\/p>\n<p>Juntos, estamos llevando a cabo proyectos de reforestaci\u00f3n, limpieza de senderos y concientizaci\u00f3n ambiental. Cada acci\u00f3n, por peque\u00f1a que parezca, contribuye a la transformaci\u00f3n de los cerros de Cali en un santuario de vida y esperanza.<\/p>\n","protected":false},"excerpt":{"rendered":"<p>El poder de la conservaci\u00f3n En la Fundaci\u00f3n para la Conservaci\u00f3n de la Flora, Fauna y el Medio Ambiente, creemos firmemente en el poder de la conservaci\u00f3n para transformar nuestro entorno. Durante los \u00faltimos 35 a\u00f1os, hemos trabajado incansablemente en los cerros de Cali, Colombia, para proteger y preservar la vida silvestre y los ecosistemas [&hellip;]<\/p>\n","protected":false},"author":1,"featured_media":0,"comment_status":"open","ping_status":"open","sticky":false,"template":"","format":"standard","meta":{"footnotes":""},"categories":[1],"tags":[],"aioseo_notices":[],"_links":{"self":[{"href":"https:\/\/amigosdelcerro.org\/index.php\/wp-json\/wp\/v2\/posts\/15"}],"collection":[{"href":"https:\/\/amigosdelcerro.org\/index.php\/wp-json\/wp\/v2\/posts"}],"about":[{"href":"https:\/\/amigosdelcerro.org\/index.php\/wp-json\/wp\/v2\/types\/post"}],"author":[{"embeddable":true,"href":"https:\/\/amigosdelcerro.org\/index.php\/wp-json\/wp\/v2\/users\/1"}],"replies":[{"embeddable":true,"href":"https:\/\/amigosdelcerro.org\/index.php\/wp-json\/wp\/v2\/comments?post=15"}],"version-history":[{"count":1,"href":"https:\/\/amigosdelcerro.org\/index.php\/wp-json\/wp\/v2\/posts\/15\/revisions"}],"predecessor-version":[{"id":44,"href":"https:\/\/amigosdelcerro.org\/index.php\/wp-json\/wp\/v2\/posts\/15\/revisions\/44"}],"wp:attachment":[{"href":"https:\/\/amigosdelcerro.org\/index.php\/wp-json\/wp\/v2\/media?parent=15"}],"wp:term":[{"taxonomy":"category","embeddable":true,"href":"https:\/\/amigosdelcerro.org\/index.php\/wp-json\/wp\/v2\/categories?post=15"},{"taxonomy":"post_tag","embeddable":true,"href":"https:\/\/amigosdelcerro.org\/index.php\/wp-json\/wp\/v2\/tags?post=15"}],"curies":[{"name":"wp","href":"https:\/\/api.w.org\/{rel}","templated":true}]}}