{"id":16,"date":"2023-08-26T14:45:12","date_gmt":"2023-08-26T14:45:12","guid":{"rendered":"http:\/\/amigosdelcerro.org\/index.php\/2023\/08\/26\/los-cerros-de-cali-un-tesoro-natural-que-debemos-proteger\/"},"modified":"2024-05-23T07:48:03","modified_gmt":"2024-05-23T12:48:03","slug":"los-cerros-de-cali-un-tesoro-natural-que-debemos-proteger","status":"publish","type":"post","link":"https:\/\/amigosdelcerro.org\/index.php\/2023\/08\/26\/los-cerros-de-cali-un-tesoro-natural-que-debemos-proteger\/","title":{"rendered":"Los Cerros de Cali"},"content":{"rendered":"\n<h2 class=\"wp-block-heading\">Los Cerros de Cali: Un tesoro natural que debemos proteger<\/h2>\n\n\n<h3>Descubre la magia de los Cerros de Cali<\/h3>\n<p>En pleno coraz\u00f3n de la ciudad de Cali, se encuentran los imponentes Cerros de Cali, un verdadero tesoro natural que debemos cuidar y preservar. Estos cerros son un ecosistema \u00fanico, hogar de una gran diversidad de flora y fauna que nos regala un paisaje deslumbrante.<\/p>\n<p>Los Cerros de Cali nos ense\u00f1an la importancia de vivir en armon\u00eda con la naturaleza. Aqu\u00ed, podemos encontrar especies end\u00e9micas y en peligro de extinci\u00f3n, como el \u00e1guila arp\u00eda y la palma de cera, que nos demuestran la fragilidad y la belleza de nuestro entorno natural.<\/p>\n<h3>Conservar los Cerros de Cali: Una responsabilidad compartida<\/h3>\n<p>La conservaci\u00f3n de los Cerros de Cali es una labor que nos incumbe a todos. Cada uno de nosotros tiene un papel fundamental en la protecci\u00f3n de este tesoro natural. Desde la Fundaci\u00f3n para la Conservaci\u00f3n de la Flora, Fauna y el Medio Ambiente, trabajamos incansablemente para preservar la biodiversidad de los cerros y fomentar la educaci\u00f3n ambiental en la comunidad.<\/p>\n<p>Es vital tomar conciencia sobre la importancia de cuidar nuestros recursos naturales y tomar acciones concretas en nuestro d\u00eda a d\u00eda. Peque\u00f1os gestos como recoger la basura, evitar el uso indiscriminado de pl\u00e1sticos y promover la reforestaci\u00f3n pueden marcar la diferencia en la preservaci\u00f3n de los Cerros de Cali y en la construcci\u00f3n de un mundo m\u00e1s sostenible.<\/p>\n<h3>Un futuro prometedor: La armon\u00eda entre los seres humanos y la naturaleza<\/h3>\n<p>Nuestro sue\u00f1o es que los Cerros de Cali sean un ejemplo de armon\u00eda entre los seres humanos y la naturaleza. Queremos que este tesoro natural se convierta en un espacio de encuentro, donde la comunidad pueda disfrutar de la naturaleza, aprender sobre su importancia y contribuir activamente a su conservaci\u00f3n.<\/p>\n<p>Imagina un futuro donde los cerros est\u00e9n llenos de vida, donde las especies en peligro de extinci\u00f3n encuentren un hogar seguro y donde los seres humanos vivamos en equilibrio con nuestro entorno. Este sue\u00f1o es posible si todos nos comprometemos a proteger y preservar los Cerros de Cali.<\/p>","protected":false},"excerpt":{"rendered":"<p>Los Cerros de Cali: Un tesoro natural que debemos proteger Descubre la magia de los Cerros de Cali En pleno coraz\u00f3n de la ciudad de Cali, se encuentran los imponentes Cerros de Cali, un verdadero tesoro natural que debemos cuidar y preservar. Estos cerros son un ecosistema \u00fanico, hogar de una gran diversidad de flora [&hellip;]<\/p>\n","protected":false},"author":1,"featured_media":0,"comment_status":"open","ping_status":"open","sticky":false,"template":"","format":"standard","meta":{"footnotes":""},"categories":[1],"tags":[24,35,27,28,36,29,30,34],"aioseo_notices":[],"_links":{"self":[{"href":"https:\/\/amigosdelcerro.org\/index.php\/wp-json\/wp\/v2\/posts\/16"}],"collection":[{"href":"https:\/\/amigosdelcerro.org\/index.php\/wp-json\/wp\/v2\/posts"}],"about":[{"href":"https:\/\/amigosdelcerro.org\/index.php\/wp-json\/wp\/v2\/types\/post"}],"author":[{"embeddable":true,"href":"https:\/\/amigosdelcerro.org\/index.php\/wp-json\/wp\/v2\/users\/1"}],"replies":[{"embeddable":true,"href":"https:\/\/amigosdelcerro.org\/index.php\/wp-json\/wp\/v2\/comments?post=16"}],"version-history":[{"count":2,"href":"https:\/\/amigosdelcerro.org\/index.php\/wp-json\/wp\/v2\/posts\/16\/revisions"}],"predecessor-version":[{"id":197,"href":"https:\/\/amigosdelcerro.org\/index.php\/wp-json\/wp\/v2\/posts\/16\/revisions\/197"}],"wp:attachment":[{"href":"https:\/\/amigosdelcerro.org\/index.php\/wp-json\/wp\/v2\/media?parent=16"}],"wp:term":[{"taxonomy":"category","embeddable":true,"href":"https:\/\/amigosdelcerro.org\/index.php\/wp-json\/wp\/v2\/categories?post=16"},{"taxonomy":"post_tag","embeddable":true,"href":"https:\/\/amigosdelcerro.org\/index.php\/wp-json\/wp\/v2\/tags?post=16"}],"curies":[{"name":"wp","href":"https:\/\/api.w.org\/{rel}","templated":true}]}}