{"id":161,"date":"2024-05-23T07:23:08","date_gmt":"2024-05-23T12:23:08","guid":{"rendered":"https:\/\/amigosdelcerro.org\/?p=161"},"modified":"2024-05-23T07:33:19","modified_gmt":"2024-05-23T12:33:19","slug":"el-legado-continua","status":"publish","type":"post","link":"https:\/\/amigosdelcerro.org\/index.php\/2024\/05\/23\/el-legado-continua\/","title":{"rendered":"El Legado Contin\u00faa"},"content":{"rendered":"\n<h2 class=\"wp-block-heading\">El legado contin\u00faa: la inspiradora historia de Transformaci\u00f3n del Cerro de las Tres Cruces a trav\u00e9s de la Fundaci\u00f3n Eco-Proyectos<\/h2>\n\n\n\n<p><\/p>\n\n\n\n<h3 class=\"wp-block-heading\">Un Faro de Esperanza en Terreno \u00c1rido<\/h3>\n\n\n\n<p>La d\u00e9cada de 1990 marc\u00f3 el inicio de una transformaci\u00f3n impresionante en el Cerro de las Tres Cruces. Este lugar, conocido por su aridez y desolaci\u00f3n, fue el escenario donde personas visionarias como Edgar Arias Osorio y Arbey Garc\u00eda decidieron plantar las semillas de la esperanza. Enfrent\u00e1ndose a la incredulidad y el escepticismo de muchos. Establecieron un proyecto de siembra que buscaba devolver la vida a una tierra que hab\u00eda sido abandonada a su suerte.<\/p>\n\n\n\n<figure class=\"wp-block-gallery has-nested-images columns-default is-cropped wp-block-gallery-1 is-layout-flex wp-block-gallery-is-layout-flex\">\n<figure class=\"wp-block-image size-large\"><img fetchpriority=\"high\" decoding=\"async\" width=\"520\" height=\"690\" data-id=\"177\" src=\"https:\/\/amigosdelcerro.org\/wp-content\/uploads\/2024\/05\/Picture4.jpg\" alt=\"\" class=\"wp-image-177\" srcset=\"https:\/\/amigosdelcerro.org\/wp-content\/uploads\/2024\/05\/Picture4.jpg 520w, https:\/\/amigosdelcerro.org\/wp-content\/uploads\/2024\/05\/Picture4-226x300.jpg 226w\" sizes=\"(max-width: 520px) 100vw, 520px\" \/><\/figure>\n\n\n\n<figure class=\"wp-block-image size-large\"><img decoding=\"async\" width=\"520\" height=\"693\" data-id=\"176\" src=\"https:\/\/amigosdelcerro.org\/wp-content\/uploads\/2024\/05\/Picture5.jpg\" alt=\"\" class=\"wp-image-176\" srcset=\"https:\/\/amigosdelcerro.org\/wp-content\/uploads\/2024\/05\/Picture5.jpg 520w, https:\/\/amigosdelcerro.org\/wp-content\/uploads\/2024\/05\/Picture5-225x300.jpg 225w\" sizes=\"(max-width: 520px) 100vw, 520px\" \/><\/figure>\n<\/figure>\n\n\n\n<p>Su historia es un recordatorio de la fuerza del esp\u00edritu humano y la capacidad de transformaci\u00f3n que yace en cada uno de nosotros. Edgar y Arbey, con su labor reservada y persistente, han demostrado que, incluso en los lugares m\u00e1s \u00e1ridos y desolados, la esperanza puede florecer y la vida puede abrirse paso una vez m\u00e1s. Su legado perdurar\u00e1 en las generaciones venideras, como un testimonio del poder de la fe y la voluntad humana para cambiar el mundo a su alrededor.<\/p>\n\n\n\n<p><\/p>\n\n\n\n<figure class=\"wp-block-image aligncenter size-full\"><img decoding=\"async\" width=\"520\" height=\"693\" src=\"https:\/\/amigosdelcerro.org\/wp-content\/uploads\/2024\/05\/Picture6.jpg\" alt=\"\" class=\"wp-image-179\" srcset=\"https:\/\/amigosdelcerro.org\/wp-content\/uploads\/2024\/05\/Picture6.jpg 520w, https:\/\/amigosdelcerro.org\/wp-content\/uploads\/2024\/05\/Picture6-225x300.jpg 225w\" sizes=\"(max-width: 520px) 100vw, 520px\" \/><\/figure>\n\n\n\n<h3 class=\"wp-block-heading\">La Fundaci\u00f3n Eco-Proyectos Amigos del Cerro: Sembrando Vida, Cultivando Esperanza<\/h3>\n\n\n\n<p>Impulsados por su visi\u00f3n y su deseo de asegurar que su legado perdure m\u00e1s all\u00e1 de su propia vida, Edgar y Arbey decidi\u00f3 dar un paso m\u00e1s all\u00e1. Con el firme prop\u00f3sito de asegurar la continuidad y el crecimiento de su obra, en acompa\u00f1amiento de los estudiantes del Consultorio en Ciencias de la Administraci\u00f3n Si-Empre coordinado por el Docente Carlos Augusto Rinc\u00f3n, de la Universidad del Valle, deciden constituir la <a>\u00ab<\/a>Fundaci\u00f3n Eco-Proyectos Amigos del Cerro\u00bb.<\/p>\n\n\n\n<p><\/p>\n\n\n\n<figure class=\"wp-block-image aligncenter size-full\"><img loading=\"lazy\" decoding=\"async\" width=\"520\" height=\"693\" src=\"https:\/\/amigosdelcerro.org\/wp-content\/uploads\/2024\/05\/Picture7.jpg\" alt=\"\" class=\"wp-image-180\" srcset=\"https:\/\/amigosdelcerro.org\/wp-content\/uploads\/2024\/05\/Picture7.jpg 520w, https:\/\/amigosdelcerro.org\/wp-content\/uploads\/2024\/05\/Picture7-225x300.jpg 225w\" sizes=\"(max-width: 520px) 100vw, 520px\" \/><\/figure>\n\n\n\n<p>Esta organizaci\u00f3n tiene como objetivo la recuperaci\u00f3n y preservaci\u00f3n de la flora y fauna regional, educar a la comunidad sobre la diversidad ambiental, y promover proyectos sostenibles para el desarrollo ambiental y social. Objetivo cultivado desde los inicios de sus pioneros ha logrado unir a ni\u00f1os, j\u00f3venes, adultos, instituciones y organismos interesados en la preservaci\u00f3n y expansi\u00f3n de la zona verde en el Cerro de las Tres Cruces, en Santiago de Cali. Con su lema \u00abSembrando vida, cultivando esperanza\u00bb, la fundaci\u00f3n invita a todas aquellas personas que compartan su pasi\u00f3n por la naturaleza y su compromiso con el medio ambiente a unirse a este noble proyecto.<\/p>\n\n\n\n<figure class=\"wp-block-gallery has-nested-images columns-default is-cropped wp-block-gallery-2 is-layout-flex wp-block-gallery-is-layout-flex\">\n<figure class=\"wp-block-image size-large\"><img loading=\"lazy\" decoding=\"async\" width=\"520\" height=\"693\" data-id=\"173\" src=\"https:\/\/amigosdelcerro.org\/wp-content\/uploads\/2024\/05\/Picture1.jpg\" alt=\"\" class=\"wp-image-173\" srcset=\"https:\/\/amigosdelcerro.org\/wp-content\/uploads\/2024\/05\/Picture1.jpg 520w, https:\/\/amigosdelcerro.org\/wp-content\/uploads\/2024\/05\/Picture1-225x300.jpg 225w\" sizes=\"(max-width: 520px) 100vw, 520px\" \/><\/figure>\n\n\n\n<figure class=\"wp-block-image size-large\"><img loading=\"lazy\" decoding=\"async\" width=\"520\" height=\"693\" data-id=\"171\" src=\"https:\/\/amigosdelcerro.org\/wp-content\/uploads\/2024\/05\/Picture2.jpg\" alt=\"\" class=\"wp-image-171\" srcset=\"https:\/\/amigosdelcerro.org\/wp-content\/uploads\/2024\/05\/Picture2.jpg 520w, https:\/\/amigosdelcerro.org\/wp-content\/uploads\/2024\/05\/Picture2-225x300.jpg 225w\" sizes=\"(max-width: 520px) 100vw, 520px\" \/><\/figure>\n\n\n\n<figure class=\"wp-block-image size-large\"><img loading=\"lazy\" decoding=\"async\" width=\"520\" height=\"690\" data-id=\"172\" src=\"https:\/\/amigosdelcerro.org\/wp-content\/uploads\/2024\/05\/Picture3.jpg\" alt=\"\" class=\"wp-image-172\" srcset=\"https:\/\/amigosdelcerro.org\/wp-content\/uploads\/2024\/05\/Picture3.jpg 520w, https:\/\/amigosdelcerro.org\/wp-content\/uploads\/2024\/05\/Picture3-226x300.jpg 226w\" sizes=\"(max-width: 520px) 100vw, 520px\" \/><\/figure>\n<\/figure>\n\n\n\n<p>As\u00ed, Edgar, Arbey, y todas las personas que han participado en este proceso, aseguran que su sue\u00f1o de ver el cerro transformado en un oasis de vida perdure para las generaciones venideras, demostrando qu\u00e9 juntos, podemos lograr grandes cosas cuando trabajamos en armon\u00eda con la naturaleza.<\/p>\n\n\n\n<h3 class=\"wp-block-heading\">J\u00f3venes Movidos por un Sue\u00f1o<\/h3>\n\n\n\n<p><\/p>\n\n\n\n<figure class=\"wp-block-image aligncenter size-full\"><img loading=\"lazy\" decoding=\"async\" width=\"454\" height=\"340\" src=\"https:\/\/amigosdelcerro.org\/wp-content\/uploads\/2024\/05\/image-10.png\" alt=\"\" class=\"wp-image-183\" srcset=\"https:\/\/amigosdelcerro.org\/wp-content\/uploads\/2024\/05\/image-10.png 454w, https:\/\/amigosdelcerro.org\/wp-content\/uploads\/2024\/05\/image-10-300x225.png 300w\" sizes=\"(max-width: 454px) 100vw, 454px\" \/><\/figure>\n\n\n\n<p>Lo m\u00e1s inspirador de esta historia es la manera en que ha cautivado el inter\u00e9s y el compromiso de los j\u00f3venes. Motivados por el ejemplo de Edgar y Arbey, han dedicado su tiempo y energ\u00eda a la labor de reforestaci\u00f3n y cuidado del cerro. Participando en jornadas de siembra de \u00e1rboles que contribuyen a la reforestaci\u00f3n que ampl\u00eda el h\u00e1bitat de varias especies de aves, ardillas, entre muchos otros animales de la zona. Estos j\u00f3venes no solo est\u00e1n aprendiendo sobre ecolog\u00eda y conservaci\u00f3n, sino que tambi\u00e9n est\u00e1n experimentando de primera mano el poder del trabajo en equipo y la importancia de cuidar nuestro planeta.<\/p>\n\n\n\n<p><\/p>\n\n\n\n<figure class=\"wp-block-image aligncenter size-full\"><img loading=\"lazy\" decoding=\"async\" width=\"454\" height=\"340\" src=\"https:\/\/amigosdelcerro.org\/wp-content\/uploads\/2024\/05\/image-6.png\" alt=\"\" class=\"wp-image-169\" srcset=\"https:\/\/amigosdelcerro.org\/wp-content\/uploads\/2024\/05\/image-6.png 454w, https:\/\/amigosdelcerro.org\/wp-content\/uploads\/2024\/05\/image-6-300x225.png 300w\" sizes=\"(max-width: 454px) 100vw, 454px\" \/><\/figure>\n\n\n\n<p>Cada \u00e1rbol plantado y cada semilla sembrada es un testimonio vivo de lo que se puede lograr cuando trabajamos en armon\u00eda con la naturaleza. La Fundaci\u00f3n Eco-Proyectos Amigos del Cerro est\u00e1 forjando un camino para que las futuras generaciones contin\u00faen esta labor vital. Los j\u00f3venes que se han unido a esta causa est\u00e1n creando un legado duradero que no solo transformar\u00e1 el cerro, sino tambi\u00e9n la comunidad que lo rodea.<\/p>\n\n\n\n<h3 class=\"wp-block-heading\">Un Futuro Prometedor<\/h3>\n\n\n\n<p>El trabajo de Edgar, Arbey y la Fundaci\u00f3n Eco-Proyectos Amigos del Cerro es una prueba de que la combinaci\u00f3n de visi\u00f3n, fe y colaboraci\u00f3n puede llevar a grandes logros. La transformaci\u00f3n del Cerro de las Tres Cruces es un testimonio del poder de la acci\u00f3n colectiva y del compromiso con el medio ambiente. Es una invitaci\u00f3n a todos nosotros a mirar m\u00e1s all\u00e1 de las dificultades inmediatas y a ver el potencial que yace en cada pedazo de tierra y en cada coraz\u00f3n humano.<\/p>\n\n\n\n<p><\/p>\n\n\n\n<figure class=\"wp-block-image aligncenter size-full\"><img loading=\"lazy\" decoding=\"async\" width=\"587\" height=\"779\" src=\"https:\/\/amigosdelcerro.org\/wp-content\/uploads\/2024\/05\/Picture10.jpg\" alt=\"\" class=\"wp-image-185\" srcset=\"https:\/\/amigosdelcerro.org\/wp-content\/uploads\/2024\/05\/Picture10.jpg 587w, https:\/\/amigosdelcerro.org\/wp-content\/uploads\/2024\/05\/Picture10-226x300.jpg 226w\" sizes=\"(max-width: 587px) 100vw, 587px\" \/><\/figure>\n\n\n\n<p>La fundaci\u00f3n contin\u00faa expandiendo sus actividades, involucrando a m\u00e1s j\u00f3venes, instituciones educativas y organizaciones ambientales en su misi\u00f3n. Adem\u00e1s, la fundaci\u00f3n est\u00e1 trabajando en proyectos de investigaci\u00f3n para mejorar las t\u00e9cnicas de reforestaci\u00f3n y asegurar la resiliencia del ecosistema del cerro.<\/p>\n\n\n\n<p><\/p>\n\n\n\n<figure class=\"wp-block-image aligncenter size-full\"><img loading=\"lazy\" decoding=\"async\" width=\"454\" height=\"340\" src=\"https:\/\/amigosdelcerro.org\/wp-content\/uploads\/2024\/05\/image-4.png\" alt=\"\" class=\"wp-image-167\" srcset=\"https:\/\/amigosdelcerro.org\/wp-content\/uploads\/2024\/05\/image-4.png 454w, https:\/\/amigosdelcerro.org\/wp-content\/uploads\/2024\/05\/image-4-300x225.png 300w\" sizes=\"(max-width: 454px) 100vw, 454px\" \/><\/figure>\n\n\n\n<p>Juntos, podemos seguir sembrando vida y cultivando esperanza para las generaciones venideras. No importa cu\u00e1n peque\u00f1o sea tu aporte, cada acci\u00f3n cuenta y cada esfuerzo nos acerca m\u00e1s a un futuro sostenible.<\/p>\n\n\n\n<p>Esta historia nos recuerda que, con determinaci\u00f3n, colaboraci\u00f3n y amor por la naturaleza, podemos superar cualquier obst\u00e1culo y crear un legado duradero de vida y esperanza. Vamos a trabajar juntos para asegurar que este sue\u00f1o se haga realidad y que el Cerro de las Tres Cruces contin\u00fae siendo un oasis de vida para las futuras generaciones.<\/p>\n\n\n\n<p><\/p>\n\n\n\n<figure class=\"wp-block-image size-large\"><img loading=\"lazy\" decoding=\"async\" width=\"1024\" height=\"771\" src=\"https:\/\/amigosdelcerro.org\/wp-content\/uploads\/2024\/05\/Picture12-1024x771.jpg\" alt=\"\" class=\"wp-image-187\" srcset=\"https:\/\/amigosdelcerro.org\/wp-content\/uploads\/2024\/05\/Picture12-1024x771.jpg 1024w, https:\/\/amigosdelcerro.org\/wp-content\/uploads\/2024\/05\/Picture12-300x226.jpg 300w, https:\/\/amigosdelcerro.org\/wp-content\/uploads\/2024\/05\/Picture12-768x578.jpg 768w, https:\/\/amigosdelcerro.org\/wp-content\/uploads\/2024\/05\/Picture12.jpg 1035w\" sizes=\"(max-width: 1024px) 100vw, 1024px\" \/><\/figure>\n\n\n\n<p>Es una invitaci\u00f3n a todos nosotros a unirnos en la lucha por un planeta m\u00e1s verde y saludable. Cada uno de nosotros tiene el poder de hacer una diferencia, ya sea plantando un \u00e1rbol, educando a otros sobre la importancia de la conservaci\u00f3n, o apoyando a organizaciones que trabajan incansablemente por el medio ambiente.<\/p>\n","protected":false},"excerpt":{"rendered":"<p>El legado contin\u00faa: la inspiradora historia de Transformaci\u00f3n del Cerro de las Tres Cruces a trav\u00e9s de la Fundaci\u00f3n Eco-Proyectos Un Faro de Esperanza en Terreno \u00c1rido La d\u00e9cada de 1990 marc\u00f3 el inicio de una transformaci\u00f3n impresionante en el Cerro de las Tres Cruces. Este lugar, conocido por su aridez y desolaci\u00f3n, fue el [&hellip;]<\/p>\n","protected":false},"author":2,"featured_media":0,"comment_status":"open","ping_status":"open","sticky":false,"template":"","format":"standard","meta":{"footnotes":""},"categories":[1],"tags":[25,24,33,32,27,26,28,29,30,31],"aioseo_notices":[],"_links":{"self":[{"href":"https:\/\/amigosdelcerro.org\/index.php\/wp-json\/wp\/v2\/posts\/161"}],"collection":[{"href":"https:\/\/amigosdelcerro.org\/index.php\/wp-json\/wp\/v2\/posts"}],"about":[{"href":"https:\/\/amigosdelcerro.org\/index.php\/wp-json\/wp\/v2\/types\/post"}],"author":[{"embeddable":true,"href":"https:\/\/amigosdelcerro.org\/index.php\/wp-json\/wp\/v2\/users\/2"}],"replies":[{"embeddable":true,"href":"https:\/\/amigosdelcerro.org\/index.php\/wp-json\/wp\/v2\/comments?post=161"}],"version-history":[{"count":4,"href":"https:\/\/amigosdelcerro.org\/index.php\/wp-json\/wp\/v2\/posts\/161\/revisions"}],"predecessor-version":[{"id":191,"href":"https:\/\/amigosdelcerro.org\/index.php\/wp-json\/wp\/v2\/posts\/161\/revisions\/191"}],"wp:attachment":[{"href":"https:\/\/amigosdelcerro.org\/index.php\/wp-json\/wp\/v2\/media?parent=161"}],"wp:term":[{"taxonomy":"category","embeddable":true,"href":"https:\/\/amigosdelcerro.org\/index.php\/wp-json\/wp\/v2\/categories?post=161"},{"taxonomy":"post_tag","embeddable":true,"href":"https:\/\/amigosdelcerro.org\/index.php\/wp-json\/wp\/v2\/tags?post=161"}],"curies":[{"name":"wp","href":"https:\/\/api.w.org\/{rel}","templated":true}]}}